{"id":1128,"date":"2018-09-24T10:13:42","date_gmt":"2018-09-24T10:13:42","guid":{"rendered":"http:\/\/www.comuneacquapendente.it\/wpaquesionet\/?p=1128"},"modified":"2018-09-24T10:29:34","modified_gmt":"2018-09-24T10:29:34","slug":"riapre-il-bosco-del-sasseto","status":"publish","type":"post","link":"http:\/\/www.comuneacquapendente.it\/wpaquesionet\/index.php\/2018\/09\/24\/riapre-il-bosco-del-sasseto\/","title":{"rendered":"Riapre il bosco del Sasseto"},"content":{"rendered":"<p class=\"western\">Si \u00e8 finalmente conclusa la procedura di esproprio per il Sasseto e per il giardino storico del castello di Torre Alfina. Il <b>19 settembre<\/b> il Comune \u00e8 entrato definitivamente in possesso dei beni, il cui contratto \u00e8 stato registrato e trascritto presso la Conservatoria dei Registri Immobiliari pi\u00f9 di un mese prima.<\/p>\n<p class=\"western\">Ora per il Sasseto si apre la fase della gestione, che oltre all\u2019offerta turistica dovr\u00e0 comprendere una migliore manutenzione dei luoghi.<br \/>\nIn condizioni peggiori \u00e8 il giardino storico, ormai quasi irriconoscibile, che dovr\u00e0 essere oggetto di un intervento di restauro.<\/p>\n<p class=\"western\">Il Sasseto sar\u00e0 comunque riaperto in tempi brevi con l\u2019organizzazione di una biglietteria che funzioner\u00e0 anche da centro informazione e di servizi, in modo da garantire un\u2019accoglienza adeguata ai tanti visitatori che sono gi\u00e0 interessati a conoscere questo straordinario bosco.<\/p>\n<p class=\"western\">Si prevede, per regolamentare l\u2019utenza e minimizzare gli impatti ambientali, la sola <b>\u201cfruizione assistita con accompagnamento\u201d<\/b>, con priorit\u00e0 di prenotazione.<\/p>\n<p class=\"western\">L\u2019accesso al bosco sar\u00e0 possibile previa acquisizione di un biglietto di ingresso, secondo le tariffe deliberate dal Comune (comprensivo della visita al Museo del Fiore):<\/p>\n<p class=\"western\">&#8211; <b>Biglietto intero<\/b>: \u20ac 6,00 (adulti fino a 64 anni, ragazzi sopra i 14 anni);<\/p>\n<p class=\"western\">&#8211; <b>Biglietto ridotto<\/b>: \u20ac 4,00 (anziani oltre i 65 anni, bambini tra i 7 e i 14 anni compresi, gruppi di minimo 20 persone, gruppi scolastici e universitari dietro presentazione di richiesta, convenzioni con enti e associazioni);<\/p>\n<p class=\"western\">&#8211; <b>Biglietto gratuito<\/b>: residenti nel Comune di Acquapendente, bambini fino a 6 anni, un accompagnatore ogni 20 paganti).<\/p>\n<p class=\"western\">Trattandosi di un Monumento Naturale, cio\u00e8 di un luogo tutelato per il suo alto valore naturalistico, agli operatori che effettuano le <b>visite guidate<\/b> (su cui non c\u2019\u00e8 nessuna esclusiva) si richiede, oltre che la <b>professionalit\u00e0<\/b>, una <b>assunzione di responsabilit\u00e0<\/b> circa il corretto comportamento delle persone accompagnate ed una polizza assicurativa che copra eventuali danni. Tutto sar\u00e0 regolamentato e sottoscritto in apposite convenzioni.<\/p>\n<p class=\"western\">Il <b>numero massimo di visitatori<\/b> che possono essere presenti contemporaneamente nel Monumento Naturale \u00e8 pari a 120 unit\u00e0, <span style=\"color: #000000;\">suddivise in gruppi da massimo 30 visitatori<\/span>, ridotto a 60 dal 15 marzo al 31 maggio ed in concomitanza di riprese.<\/p>\n<p class=\"western\">Le attivit\u00e0 di visita dovranno essere conformi al regolamento di gestione del Monumento Naturale che \u00e8 stato adottato dal Consiglio Comunale e che \u00e8 stato inoltrato per l\u2019approvazione alla Regione Lazio.<\/p>\n<p class=\"western\">Si prevede pertanto una fruizione del bosco in orario diurno con una apertura ordinaria, in cui \u00e8 garantita l\u2019apertura di una biglietteria e di un punto informativo e con possibilit\u00e0 di visite su prenotazione in altri giorni, lasciando comunque <span style=\"color: #000000;\">almeno un giorno<\/span> a settimana di inattivit\u00e0 nel bosco.<\/p>\n<p class=\"western\">Per incrementare il numero dei turisti dopo la prima fase di avvio saranno messe in campo iniziative di marketing e promozione, con l\u2019offerta di vari pacchetti che oltre al Sasseto proporranno la visita di altri luoghi, come il Museo del Fiore, le strutture della Riserva Naturale e i centri storici.<\/p>\n<p class=\"western\">La gestione dei flussi turistici sar\u00e0 strettamente legata a ci\u00f2 che tutto il territorio \u00e8 in grado di offrire, sia per iniziativa pubblica che privata.<\/p>\n<p class=\"western\">Si riapre anche la prospettiva di un\u2019offerta integrata con i territori oltre i confini regionali, come la confinante Selva di Meana e la villa Cahen di Allerona. La storia e i luoghi della famiglia Cahen possono rappresentare il filo conduttore per rafforzare un rapporto di collaborazione con la citt\u00e0 di Orvieto ed il suo territorio. \u00c8 un progetto ambizioso in cui l\u2019Amministrazione Comunale crede molto, che va oltre i benefici che pu\u00f2 trarne la frazione di Torre Alfina.<\/p>\n<p>Il giorno <strong>30 settembre alle ore 16.00<\/strong> si terr\u00e0 la <strong>cerimonia di apertura al pubblico<\/strong>.<\/p>\n<p><img loading=\"lazy\" class=\"aligncenter size-large wp-image-1129\" src=\"http:\/\/www.comuneacquapendente.it\/wpaquesionet\/files\/CERIMONIA-APERTURA-1-1024x793.jpg\" alt=\"\" width=\"1024\" height=\"793\" srcset=\"http:\/\/www.comuneacquapendente.it\/wpaquesionet\/files\/CERIMONIA-APERTURA-1-1024x793.jpg 1024w, http:\/\/www.comuneacquapendente.it\/wpaquesionet\/files\/CERIMONIA-APERTURA-1-300x232.jpg 300w, http:\/\/www.comuneacquapendente.it\/wpaquesionet\/files\/CERIMONIA-APERTURA-1-768x595.jpg 768w, http:\/\/www.comuneacquapendente.it\/wpaquesionet\/files\/CERIMONIA-APERTURA-1.jpg 1654w\" sizes=\"(max-width: 1024px) 100vw, 1024px\" \/><\/p>\n","protected":false},"excerpt":{"rendered":"<p>Si \u00e8 finalmente conclusa la procedura di esproprio per il Sasseto e per il giardino storico del castello di Torre Alfina. Il 19 settembre il Comune \u00e8 entrato definitivamente in possesso dei beni, il cui contratto \u00e8 stato registrato e trascritto presso la Conservatoria dei Registri Immobiliari pi\u00f9 di un mese prima. Ora per il [&hellip;]<\/p>\n","protected":false},"author":2,"featured_media":1130,"comment_status":"closed","ping_status":"closed","sticky":false,"template":"","format":"standard","meta":[],"categories":[18],"tags":[],"yoast_head":"<!-- This site is optimized with the Yoast SEO plugin v17.2.1 - https:\/\/yoast.com\/wordpress\/plugins\/seo\/ -->\n<title>Riapre il bosco del Sasseto - aquesionet<\/title>\n<meta name=\"robots\" content=\"index, follow, max-snippet:-1, max-image-preview:large, max-video-preview:-1\" \/>\n<link rel=\"canonical\" href=\"http:\/\/www.comuneacquapendente.it\/wpaquesionet\/index.php\/2018\/09\/24\/riapre-il-bosco-del-sasseto\/\" \/>\n<meta property=\"og:locale\" content=\"it_IT\" \/>\n<meta property=\"og:type\" content=\"article\" \/>\n<meta property=\"og:title\" content=\"Riapre il bosco del Sasseto\" \/>\n<meta property=\"og:description\" content=\"Si \u00e8 finalmente conclusa la procedura di esproprio per il Sasseto e per il giardino storico del castello di Torre Alfina. Il 19 settembre il Comune \u00e8 entrato definitivamente in possesso dei beni, il cui contratto \u00e8 stato registrato e trascritto presso la Conservatoria dei Registri Immobiliari pi\u00f9 di un mese prima. Ora per il [&hellip;]\" \/>\n<meta property=\"og:url\" content=\"http:\/\/www.comuneacquapendente.it\/wpaquesionet\/index.php\/2018\/09\/24\/riapre-il-bosco-del-sasseto\/\" \/>\n<meta property=\"og:site_name\" content=\"aquesionet\" \/>\n<meta property=\"article:publisher\" content=\"https:\/\/www.facebook.com\/ComunediAcquapendente\/\" \/>\n<meta property=\"article:published_time\" content=\"2018-09-24T10:13:42+00:00\" \/>\n<meta property=\"article:modified_time\" content=\"2018-09-24T10:29:34+00:00\" \/>\n<meta property=\"og:image\" content=\"http:\/\/www.comuneacquapendente.it\/wpaquesionet\/files\/il-tempietto-nel-bosco.jpg\" \/>\n\t<meta property=\"og:image:width\" content=\"550\" \/>\n\t<meta property=\"og:image:height\" content=\"366\" \/>\n<meta name=\"twitter:card\" content=\"summary_large_image\" \/>\n<meta name=\"twitter:title\" content=\"Riapre il bosco del Sasseto\" \/>\n<meta name=\"twitter:image\" content=\"http:\/\/www.comuneacquapendente.it\/wpaquesionet\/files\/il-tempietto-nel-bosco.jpg\" \/>\n<meta name=\"twitter:creator\" content=\"@AcquapendenteVT\" \/>\n<meta name=\"twitter:site\" content=\"@AcquapendenteVT\" \/>\n<meta name=\"twitter:label1\" content=\"Scritto da\" \/>\n\t<meta name=\"twitter:data1\" content=\"comunicazione\" \/>\n\t<meta name=\"twitter:label2\" content=\"Tempo di lettura stimato\" \/>\n\t<meta name=\"twitter:data2\" content=\"3 minuti\" \/>\n<script type=\"application\/ld+json\" class=\"yoast-schema-graph\">{\"@context\":\"https:\/\/schema.org\",\"@graph\":[{\"@type\":\"Organization\",\"@id\":\"http:\/\/www.comuneacquapendente.it\/wpaquesionet\/#organization\",\"name\":\"Comune di Acquapendente\",\"url\":\"http:\/\/www.comuneacquapendente.it\/wpaquesionet\/\",\"sameAs\":[\"https:\/\/www.facebook.com\/ComunediAcquapendente\/\",\"https:\/\/www.youtube.com\/user\/AcquapendenteComune\/\",\"https:\/\/twitter.com\/AcquapendenteVT\"],\"logo\":{\"@type\":\"ImageObject\",\"@id\":\"http:\/\/www.comuneacquapendente.it\/wpaquesionet\/#logo\",\"inLanguage\":\"it-IT\",\"url\":\"http:\/\/www.comuneacquapendente.it\/wpaquesionet\/files\/stemma_comune_Acquapendente512x512.png\",\"contentUrl\":\"http:\/\/www.comuneacquapendente.it\/wpaquesionet\/files\/stemma_comune_Acquapendente512x512.png\",\"width\":512,\"height\":512,\"caption\":\"Comune di Acquapendente\"},\"image\":{\"@id\":\"http:\/\/www.comuneacquapendente.it\/wpaquesionet\/#logo\"}},{\"@type\":\"WebSite\",\"@id\":\"http:\/\/www.comuneacquapendente.it\/wpaquesionet\/#website\",\"url\":\"http:\/\/www.comuneacquapendente.it\/wpaquesionet\/\",\"name\":\"aquesionet\",\"description\":\"LA RETE CIVICA DEL COMUNE DI ACQUAPENDENTE\",\"publisher\":{\"@id\":\"http:\/\/www.comuneacquapendente.it\/wpaquesionet\/#organization\"},\"potentialAction\":[{\"@type\":\"SearchAction\",\"target\":{\"@type\":\"EntryPoint\",\"urlTemplate\":\"http:\/\/www.comuneacquapendente.it\/wpaquesionet\/?s={search_term_string}\"},\"query-input\":\"required name=search_term_string\"}],\"inLanguage\":\"it-IT\"},{\"@type\":\"ImageObject\",\"@id\":\"http:\/\/www.comuneacquapendente.it\/wpaquesionet\/index.php\/2018\/09\/24\/riapre-il-bosco-del-sasseto\/#primaryimage\",\"inLanguage\":\"it-IT\",\"url\":\"http:\/\/www.comuneacquapendente.it\/wpaquesionet\/files\/il-tempietto-nel-bosco.jpg\",\"contentUrl\":\"http:\/\/www.comuneacquapendente.it\/wpaquesionet\/files\/il-tempietto-nel-bosco.jpg\",\"width\":550,\"height\":366},{\"@type\":\"WebPage\",\"@id\":\"http:\/\/www.comuneacquapendente.it\/wpaquesionet\/index.php\/2018\/09\/24\/riapre-il-bosco-del-sasseto\/#webpage\",\"url\":\"http:\/\/www.comuneacquapendente.it\/wpaquesionet\/index.php\/2018\/09\/24\/riapre-il-bosco-del-sasseto\/\",\"name\":\"Riapre il bosco del Sasseto - aquesionet\",\"isPartOf\":{\"@id\":\"http:\/\/www.comuneacquapendente.it\/wpaquesionet\/#website\"},\"primaryImageOfPage\":{\"@id\":\"http:\/\/www.comuneacquapendente.it\/wpaquesionet\/index.php\/2018\/09\/24\/riapre-il-bosco-del-sasseto\/#primaryimage\"},\"datePublished\":\"2018-09-24T10:13:42+00:00\",\"dateModified\":\"2018-09-24T10:29:34+00:00\",\"breadcrumb\":{\"@id\":\"http:\/\/www.comuneacquapendente.it\/wpaquesionet\/index.php\/2018\/09\/24\/riapre-il-bosco-del-sasseto\/#breadcrumb\"},\"inLanguage\":\"it-IT\",\"potentialAction\":[{\"@type\":\"ReadAction\",\"target\":[\"http:\/\/www.comuneacquapendente.it\/wpaquesionet\/index.php\/2018\/09\/24\/riapre-il-bosco-del-sasseto\/\"]}]},{\"@type\":\"BreadcrumbList\",\"@id\":\"http:\/\/www.comuneacquapendente.it\/wpaquesionet\/index.php\/2018\/09\/24\/riapre-il-bosco-del-sasseto\/#breadcrumb\",\"itemListElement\":[{\"@type\":\"ListItem\",\"position\":1,\"name\":\"Home\",\"item\":\"http:\/\/www.comuneacquapendente.it\/wpaquesionet\/\"},{\"@type\":\"ListItem\",\"position\":2,\"name\":\"Riapre il bosco del Sasseto\"}]},{\"@type\":\"Article\",\"@id\":\"http:\/\/www.comuneacquapendente.it\/wpaquesionet\/index.php\/2018\/09\/24\/riapre-il-bosco-del-sasseto\/#article\",\"isPartOf\":{\"@id\":\"http:\/\/www.comuneacquapendente.it\/wpaquesionet\/index.php\/2018\/09\/24\/riapre-il-bosco-del-sasseto\/#webpage\"},\"author\":{\"@id\":\"http:\/\/www.comuneacquapendente.it\/wpaquesionet\/#\/schema\/person\/642aeec12be3f78869636b02fe65a816\"},\"headline\":\"Riapre il bosco del Sasseto\",\"datePublished\":\"2018-09-24T10:13:42+00:00\",\"dateModified\":\"2018-09-24T10:29:34+00:00\",\"mainEntityOfPage\":{\"@id\":\"http:\/\/www.comuneacquapendente.it\/wpaquesionet\/index.php\/2018\/09\/24\/riapre-il-bosco-del-sasseto\/#webpage\"},\"wordCount\":580,\"publisher\":{\"@id\":\"http:\/\/www.comuneacquapendente.it\/wpaquesionet\/#organization\"},\"image\":{\"@id\":\"http:\/\/www.comuneacquapendente.it\/wpaquesionet\/index.php\/2018\/09\/24\/riapre-il-bosco-del-sasseto\/#primaryimage\"},\"thumbnailUrl\":\"http:\/\/www.comuneacquapendente.it\/wpaquesionet\/files\/il-tempietto-nel-bosco.jpg\",\"articleSection\":[\"Turismo\"],\"inLanguage\":\"it-IT\"},{\"@type\":\"Person\",\"@id\":\"http:\/\/www.comuneacquapendente.it\/wpaquesionet\/#\/schema\/person\/642aeec12be3f78869636b02fe65a816\",\"name\":\"comunicazione\"}]}<\/script>\n<!-- \/ Yoast SEO plugin. -->","yoast_head_json":{"title":"Riapre il bosco del Sasseto - aquesionet","robots":{"index":"index","follow":"follow","max-snippet":"max-snippet:-1","max-image-preview":"max-image-preview:large","max-video-preview":"max-video-preview:-1"},"canonical":"http:\/\/www.comuneacquapendente.it\/wpaquesionet\/index.php\/2018\/09\/24\/riapre-il-bosco-del-sasseto\/","og_locale":"it_IT","og_type":"article","og_title":"Riapre il bosco del Sasseto","og_description":"Si \u00e8 finalmente conclusa la procedura di esproprio per il Sasseto e per il giardino storico del castello di Torre Alfina. Il 19 settembre il Comune \u00e8 entrato definitivamente in possesso dei beni, il cui contratto \u00e8 stato registrato e trascritto presso la Conservatoria dei Registri Immobiliari pi\u00f9 di un mese prima. Ora per il [&hellip;]","og_url":"http:\/\/www.comuneacquapendente.it\/wpaquesionet\/index.php\/2018\/09\/24\/riapre-il-bosco-del-sasseto\/","og_site_name":"aquesionet","article_publisher":"https:\/\/www.facebook.com\/ComunediAcquapendente\/","article_published_time":"2018-09-24T10:13:42+00:00","article_modified_time":"2018-09-24T10:29:34+00:00","og_image":[{"width":550,"height":366,"url":"http:\/\/www.comuneacquapendente.it\/wpaquesionet\/files\/il-tempietto-nel-bosco.jpg","path":"\/var\/www\/html\/aquesionet\/wpaquesionet\/files\/il-tempietto-nel-bosco.jpg","size":"full","id":"1130","alt":"","pixels":201300,"type":"image\/jpeg"}],"twitter_card":"summary_large_image","twitter_title":"Riapre il bosco del Sasseto","twitter_image":"http:\/\/www.comuneacquapendente.it\/wpaquesionet\/files\/il-tempietto-nel-bosco.jpg","twitter_creator":"@AcquapendenteVT","twitter_site":"@AcquapendenteVT","twitter_misc":{"Scritto da":"comunicazione","Tempo di lettura stimato":"3 minuti"},"schema":{"@context":"https:\/\/schema.org","@graph":[{"@type":"Organization","@id":"http:\/\/www.comuneacquapendente.it\/wpaquesionet\/#organization","name":"Comune di Acquapendente","url":"http:\/\/www.comuneacquapendente.it\/wpaquesionet\/","sameAs":["https:\/\/www.facebook.com\/ComunediAcquapendente\/","https:\/\/www.youtube.com\/user\/AcquapendenteComune\/","https:\/\/twitter.com\/AcquapendenteVT"],"logo":{"@type":"ImageObject","@id":"http:\/\/www.comuneacquapendente.it\/wpaquesionet\/#logo","inLanguage":"it-IT","url":"http:\/\/www.comuneacquapendente.it\/wpaquesionet\/files\/stemma_comune_Acquapendente512x512.png","contentUrl":"http:\/\/www.comuneacquapendente.it\/wpaquesionet\/files\/stemma_comune_Acquapendente512x512.png","width":512,"height":512,"caption":"Comune di Acquapendente"},"image":{"@id":"http:\/\/www.comuneacquapendente.it\/wpaquesionet\/#logo"}},{"@type":"WebSite","@id":"http:\/\/www.comuneacquapendente.it\/wpaquesionet\/#website","url":"http:\/\/www.comuneacquapendente.it\/wpaquesionet\/","name":"aquesionet","description":"LA RETE CIVICA DEL COMUNE DI ACQUAPENDENTE","publisher":{"@id":"http:\/\/www.comuneacquapendente.it\/wpaquesionet\/#organization"},"potentialAction":[{"@type":"SearchAction","target":{"@type":"EntryPoint","urlTemplate":"http:\/\/www.comuneacquapendente.it\/wpaquesionet\/?s={search_term_string}"},"query-input":"required name=search_term_string"}],"inLanguage":"it-IT"},{"@type":"ImageObject","@id":"http:\/\/www.comuneacquapendente.it\/wpaquesionet\/index.php\/2018\/09\/24\/riapre-il-bosco-del-sasseto\/#primaryimage","inLanguage":"it-IT","url":"http:\/\/www.comuneacquapendente.it\/wpaquesionet\/files\/il-tempietto-nel-bosco.jpg","contentUrl":"http:\/\/www.comuneacquapendente.it\/wpaquesionet\/files\/il-tempietto-nel-bosco.jpg","width":550,"height":366},{"@type":"WebPage","@id":"http:\/\/www.comuneacquapendente.it\/wpaquesionet\/index.php\/2018\/09\/24\/riapre-il-bosco-del-sasseto\/#webpage","url":"http:\/\/www.comuneacquapendente.it\/wpaquesionet\/index.php\/2018\/09\/24\/riapre-il-bosco-del-sasseto\/","name":"Riapre il bosco del Sasseto - aquesionet","isPartOf":{"@id":"http:\/\/www.comuneacquapendente.it\/wpaquesionet\/#website"},"primaryImageOfPage":{"@id":"http:\/\/www.comuneacquapendente.it\/wpaquesionet\/index.php\/2018\/09\/24\/riapre-il-bosco-del-sasseto\/#primaryimage"},"datePublished":"2018-09-24T10:13:42+00:00","dateModified":"2018-09-24T10:29:34+00:00","breadcrumb":{"@id":"http:\/\/www.comuneacquapendente.it\/wpaquesionet\/index.php\/2018\/09\/24\/riapre-il-bosco-del-sasseto\/#breadcrumb"},"inLanguage":"it-IT","potentialAction":[{"@type":"ReadAction","target":["http:\/\/www.comuneacquapendente.it\/wpaquesionet\/index.php\/2018\/09\/24\/riapre-il-bosco-del-sasseto\/"]}]},{"@type":"BreadcrumbList","@id":"http:\/\/www.comuneacquapendente.it\/wpaquesionet\/index.php\/2018\/09\/24\/riapre-il-bosco-del-sasseto\/#breadcrumb","itemListElement":[{"@type":"ListItem","position":1,"name":"Home","item":"http:\/\/www.comuneacquapendente.it\/wpaquesionet\/"},{"@type":"ListItem","position":2,"name":"Riapre il bosco del Sasseto"}]},{"@type":"Article","@id":"http:\/\/www.comuneacquapendente.it\/wpaquesionet\/index.php\/2018\/09\/24\/riapre-il-bosco-del-sasseto\/#article","isPartOf":{"@id":"http:\/\/www.comuneacquapendente.it\/wpaquesionet\/index.php\/2018\/09\/24\/riapre-il-bosco-del-sasseto\/#webpage"},"author":{"@id":"http:\/\/www.comuneacquapendente.it\/wpaquesionet\/#\/schema\/person\/642aeec12be3f78869636b02fe65a816"},"headline":"Riapre il bosco del Sasseto","datePublished":"2018-09-24T10:13:42+00:00","dateModified":"2018-09-24T10:29:34+00:00","mainEntityOfPage":{"@id":"http:\/\/www.comuneacquapendente.it\/wpaquesionet\/index.php\/2018\/09\/24\/riapre-il-bosco-del-sasseto\/#webpage"},"wordCount":580,"publisher":{"@id":"http:\/\/www.comuneacquapendente.it\/wpaquesionet\/#organization"},"image":{"@id":"http:\/\/www.comuneacquapendente.it\/wpaquesionet\/index.php\/2018\/09\/24\/riapre-il-bosco-del-sasseto\/#primaryimage"},"thumbnailUrl":"http:\/\/www.comuneacquapendente.it\/wpaquesionet\/files\/il-tempietto-nel-bosco.jpg","articleSection":["Turismo"],"inLanguage":"it-IT"},{"@type":"Person","@id":"http:\/\/www.comuneacquapendente.it\/wpaquesionet\/#\/schema\/person\/642aeec12be3f78869636b02fe65a816","name":"comunicazione"}]}},"_links":{"self":[{"href":"http:\/\/www.comuneacquapendente.it\/wpaquesionet\/index.php\/wp-json\/wp\/v2\/posts\/1128"}],"collection":[{"href":"http:\/\/www.comuneacquapendente.it\/wpaquesionet\/index.php\/wp-json\/wp\/v2\/posts"}],"about":[{"href":"http:\/\/www.comuneacquapendente.it\/wpaquesionet\/index.php\/wp-json\/wp\/v2\/types\/post"}],"author":[{"embeddable":true,"href":"http:\/\/www.comuneacquapendente.it\/wpaquesionet\/index.php\/wp-json\/wp\/v2\/users\/2"}],"replies":[{"embeddable":true,"href":"http:\/\/www.comuneacquapendente.it\/wpaquesionet\/index.php\/wp-json\/wp\/v2\/comments?post=1128"}],"version-history":[{"count":3,"href":"http:\/\/www.comuneacquapendente.it\/wpaquesionet\/index.php\/wp-json\/wp\/v2\/posts\/1128\/revisions"}],"predecessor-version":[{"id":1133,"href":"http:\/\/www.comuneacquapendente.it\/wpaquesionet\/index.php\/wp-json\/wp\/v2\/posts\/1128\/revisions\/1133"}],"wp:featuredmedia":[{"embeddable":true,"href":"http:\/\/www.comuneacquapendente.it\/wpaquesionet\/index.php\/wp-json\/wp\/v2\/media\/1130"}],"wp:attachment":[{"href":"http:\/\/www.comuneacquapendente.it\/wpaquesionet\/index.php\/wp-json\/wp\/v2\/media?parent=1128"}],"wp:term":[{"taxonomy":"category","embeddable":true,"href":"http:\/\/www.comuneacquapendente.it\/wpaquesionet\/index.php\/wp-json\/wp\/v2\/categories?post=1128"},{"taxonomy":"post_tag","embeddable":true,"href":"http:\/\/www.comuneacquapendente.it\/wpaquesionet\/index.php\/wp-json\/wp\/v2\/tags?post=1128"}],"curies":[{"name":"wp","href":"https:\/\/api.w.org\/{rel}","templated":true}]}}